{"id":3464,"date":"2022-09-01T08:10:41","date_gmt":"2022-09-01T06:10:41","guid":{"rendered":"http:\/\/www.artcommissionevents.com\/?p=3464"},"modified":"2022-09-01T08:14:14","modified_gmt":"2022-09-01T06:14:14","slug":"another-chance","status":"publish","type":"post","link":"https:\/\/www.artcommissionevents.com\/?p=3464","title":{"rendered":"Another Chance"},"content":{"rendered":"<p><img loading=\"lazy\" decoding=\"async\" class=\" wp-image-3465 alignleft\" src=\"http:\/\/www.artcommissionevents.com\/wp-content\/uploads\/2022\/09\/INVITO-MOSTRA-ANOTHER_CHANCE.jpg\" alt=\"INVITO MOSTRA ANOTHER_CHANCE\" width=\"465\" height=\"465\" srcset=\"https:\/\/www.artcommissionevents.com\/wp-content\/uploads\/2022\/09\/INVITO-MOSTRA-ANOTHER_CHANCE.jpg 800w, https:\/\/www.artcommissionevents.com\/wp-content\/uploads\/2022\/09\/INVITO-MOSTRA-ANOTHER_CHANCE-150x150.jpg 150w, https:\/\/www.artcommissionevents.com\/wp-content\/uploads\/2022\/09\/INVITO-MOSTRA-ANOTHER_CHANCE-300x300.jpg 300w, https:\/\/www.artcommissionevents.com\/wp-content\/uploads\/2022\/09\/INVITO-MOSTRA-ANOTHER_CHANCE-768x768.jpg 768w, https:\/\/www.artcommissionevents.com\/wp-content\/uploads\/2022\/09\/INVITO-MOSTRA-ANOTHER_CHANCE-250x250.jpg 250w, https:\/\/www.artcommissionevents.com\/wp-content\/uploads\/2022\/09\/INVITO-MOSTRA-ANOTHER_CHANCE-350x350.jpg 350w\" sizes=\"auto, (max-width: 465px) 100vw, 465px\" \/><\/p>\n<p><b>ANOTHER CHANCE<\/b><\/p>\n<p><b>Connie Bellantonio<\/b><\/p>\n<p><b>Friederike Just<br \/>\n<\/b><b>Anne-Claire van den Elshout<\/b><\/p>\n<p><b>a cura di Virginia Monteverde<\/b><\/p>\n<p><b>opening: 16 settembre h.18.00<\/b><\/p>\n<p><b>exhibition: 17\/09 &#8211; 2\/10 2022 &#8211; h.11- 20<\/b><\/p>\n<p><b>Sala San Tommaso, Campo Santi Giovanni e Paolo, Venezia<\/b><\/p>\n<p><b>Sestiere Castello &#8211; Vaporetto fermata Ospedale.<\/b><\/p>\n<p>Il 16 settembre alle ore 18.00 a Venezia, nella Sala San Tommaso in Campo Santi Giovanni e Paolo, Art Commission presenta la mostra internazionale <b>Another Chance<\/b>, con le opere di <b>Connie Bellantonio<\/b>, Italia, <b>Friederike Just<\/b>, Germania e <b>Anne-Claire van den Elshout<\/b>, Paesi Bassi. Tre artiste, tre Paesi e tre tecniche diverse (fotografia, pittura e scultura), per riflettere su un possibile scenario futuro nell\u2019Era post-covid. <span class=\"Apple-converted-space\">\u00a0<\/span><\/p>\n<p>Scrive Virginia Monteverde, ideatrice e curatrice della mostra:<span class=\"Apple-converted-space\">\u00a0<\/span><\/p>\n<p>\u201cL\u2019Era pandemica ha accelerato e deformato la trasformazione del concetto di socialit\u00e0, gi\u00e0 in atto da tempo con l&#8217;avvento e il rapido affermarsi delle nuove tecnologie. Una rapidit\u00e0 che \u00e8 diventata tumultuosa nel Grande Isolamento. L\u2019impossibilit\u00e0 di condividere gli spazi fisici ci ha spinto a inventare nuove strategie per mantenere le nostre relazioni vitali trasformando cos\u00ec la \u201ccomunit\u00e0\u201d in \u201ccommunity\u201d. Un processo ormai irreversibile che costringe a ripensare e reinterpretare l&#8217;idea stessa di &#8220;FUTURO&#8221;. Tutto scorre ma tutto cambia, e cambiare si deve e si pu\u00f2. Una trasformazione, ma anche un\u2019opportunit\u00e0. Another Chance\u201d.<\/p>\n<p><i>On 16 September at 6 pm in Venice, in the Sala San Tommaso, Campo Santi Giovanni e Paolo, Art Commission presents the international exhibition <\/i><b><i>Another Chance<\/i><\/b><i>, with installations by <\/i><b><i>Connie Bellantonio<\/i><\/b><i>, Italy, <\/i><b><i>Friederike Just<\/i><\/b><i>, Germany and <\/i><b><i>Anne-Claire van den Elshout<\/i><\/b><i>, The Netherlands.<\/i><\/p>\n<p><i>Three artists, three countries and three different techniques (photography, painting and sculpture), to reflect on a possible future scenario in the post-covid Era.<\/i><\/p>\n<p><i>Virginia Monteverde, creator and curator of the exhibition, writes:<\/i><\/p>\n<p><i>\u201cThe pandemic accelerated and deformed the transformation\u00a0social interactions, a process already underway for some time due to the advent and rapid establishment of new technologies which\u00a0 became tumultuous in the Covid times. The impossibility of sharing physical spaces has prompted us to invent new strategies to maintain our vital relationships, thereby transforming\u00a0 our social community into\u00a0 a mainly virtual community. An irreversible process that forces us to rethink and reinterpret the very idea of &#8220;FUTURE&#8221;. Everything flows and everything changes, and change must and can be done. A transformation, for sure, but also an opportunity: Another Chance\u201d.\u00a0<a href=\"http:\/\/www.artcommissionevents.com\/wp-content\/uploads\/2022\/09\/CS-ANOTHER-CHANCE-VENEZIA.pdf\">Comunicato stampa Another Chance<\/a><\/i><\/p>\n<p><i><img loading=\"lazy\" decoding=\"async\" class=\" wp-image-3471 alignleft\" src=\"http:\/\/www.artcommissionevents.com\/wp-content\/uploads\/2022\/09\/IMG_0979.jpg\" alt=\"IMG_0979\" width=\"229\" height=\"252\" srcset=\"https:\/\/www.artcommissionevents.com\/wp-content\/uploads\/2022\/09\/IMG_0979.jpg 317w, https:\/\/www.artcommissionevents.com\/wp-content\/uploads\/2022\/09\/IMG_0979-272x300.jpg 272w\" sizes=\"auto, (max-width: 229px) 100vw, 229px\" \/><img loading=\"lazy\" decoding=\"async\" class=\"wp-image-3469 alignleft\" src=\"http:\/\/www.artcommissionevents.com\/wp-content\/uploads\/2022\/09\/just_foto.png\" alt=\"just_foto\" width=\"379\" height=\"252\" srcset=\"https:\/\/www.artcommissionevents.com\/wp-content\/uploads\/2022\/09\/just_foto.png 640w, https:\/\/www.artcommissionevents.com\/wp-content\/uploads\/2022\/09\/just_foto-300x200.png 300w\" sizes=\"auto, (max-width: 379px) 100vw, 379px\" \/><\/i><\/p>\n<p><img loading=\"lazy\" decoding=\"async\" class=\"wp-image-3470 alignleft\" src=\"http:\/\/www.artcommissionevents.com\/wp-content\/uploads\/2022\/09\/ANNECLAIRE-1-683x1024.jpg\" alt=\"ANNECLAIRE\" width=\"168\" height=\"252\" srcset=\"https:\/\/www.artcommissionevents.com\/wp-content\/uploads\/2022\/09\/ANNECLAIRE-1-683x1024.jpg 683w, https:\/\/www.artcommissionevents.com\/wp-content\/uploads\/2022\/09\/ANNECLAIRE-1-200x300.jpg 200w, https:\/\/www.artcommissionevents.com\/wp-content\/uploads\/2022\/09\/ANNECLAIRE-1-768x1152.jpg 768w\" sizes=\"auto, (max-width: 168px) 100vw, 168px\" \/><\/p>\n<p>&nbsp;<\/p>\n<p>&nbsp;<\/p>\n<p>&nbsp;<\/p>\n<p>&nbsp;<\/p>\n<p>&nbsp;<\/p>\n<p>&nbsp;<\/p>\n<p>&nbsp;<\/p>\n<p>Le artiste: Connie Bellantonio, Friederike Just, Anne-Claire van den Elshout<\/p>\n<p><img loading=\"lazy\" decoding=\"async\" class=\"wp-image-3467 alignleft\" src=\"http:\/\/www.artcommissionevents.com\/wp-content\/uploads\/2022\/09\/Bellantonio-particolare-dellopera-1024x696.jpg\" alt=\"Bellantonio particolare dell'opera\" width=\"330\" height=\"224\" srcset=\"https:\/\/www.artcommissionevents.com\/wp-content\/uploads\/2022\/09\/Bellantonio-particolare-dellopera-1024x696.jpg 1024w, https:\/\/www.artcommissionevents.com\/wp-content\/uploads\/2022\/09\/Bellantonio-particolare-dellopera-300x204.jpg 300w, https:\/\/www.artcommissionevents.com\/wp-content\/uploads\/2022\/09\/Bellantonio-particolare-dellopera-768x522.jpg 768w\" sizes=\"auto, (max-width: 330px) 100vw, 330px\" \/> <img loading=\"lazy\" decoding=\"async\" class=\"wp-image-3468 alignleft\" src=\"http:\/\/www.artcommissionevents.com\/wp-content\/uploads\/2022\/09\/JUST.jpg\" alt=\"JUST\" width=\"264\" height=\"224\" srcset=\"https:\/\/www.artcommissionevents.com\/wp-content\/uploads\/2022\/09\/JUST.jpg 640w, https:\/\/www.artcommissionevents.com\/wp-content\/uploads\/2022\/09\/JUST-300x255.jpg 300w\" sizes=\"auto, (max-width: 264px) 100vw, 264px\" \/><\/p>\n<p><img loading=\"lazy\" decoding=\"async\" class=\" wp-image-3466 alignleft\" src=\"http:\/\/www.artcommissionevents.com\/wp-content\/uploads\/2022\/09\/ANNECLAIRE-842x1024.jpg\" alt=\"ANNECLAIRE\" width=\"184\" height=\"223\" srcset=\"https:\/\/www.artcommissionevents.com\/wp-content\/uploads\/2022\/09\/ANNECLAIRE-842x1024.jpg 842w, https:\/\/www.artcommissionevents.com\/wp-content\/uploads\/2022\/09\/ANNECLAIRE-247x300.jpg 247w, https:\/\/www.artcommissionevents.com\/wp-content\/uploads\/2022\/09\/ANNECLAIRE-768x934.jpg 768w\" sizes=\"auto, (max-width: 184px) 100vw, 184px\" \/><\/p>\n","protected":false},"excerpt":{"rendered":"<p>ANOTHER CHANCE Connie Bellantonio Friederike Just Anne-Claire van den Elshout a cura di Virginia Monteverde opening: 16 settembre h.18.00 exhibition: 17\/09 &#8211; 2\/10 2022 &#8211; h.11- 20 Sala San Tommaso, Campo Santi Giovanni e Paolo, Venezia Sestiere Castello &#8211; Vaporetto fermata Ospedale. Il 16 settembre alle ore 18.00 a Venezia, nella Sala San Tommaso in<a class=\"moretag\" href=\"https:\/\/www.artcommissionevents.com\/?p=3464\"><span class=\"screen-reader-text\">Leggi di pi\u00f9 a riguardoAnother Chance<\/span>[&#8230;]<\/a><\/p>\n","protected":false},"author":1,"featured_media":3465,"comment_status":"closed","ping_status":"closed","sticky":false,"template":"","format":"standard","meta":{"footnotes":""},"categories":[1],"tags":[],"class_list":["post-3464","post","type-post","status-publish","format-standard","has-post-thumbnail","hentry","category-eventi"],"yoast_head":"<!-- This site is optimized with the Yoast SEO plugin v28.4 - https:\/\/yoast.com\/product\/yoast-seo-wordpress\/ -->\n<title>Another Chance - ART Commission APS<\/title>\n<meta name=\"robots\" content=\"index, follow, max-snippet:-1, max-image-preview:large, max-video-preview:-1\" \/>\n<link rel=\"canonical\" href=\"https:\/\/www.artcommissionevents.com\/?p=3464\" \/>\n<meta property=\"og:locale\" content=\"it_IT\" \/>\n<meta property=\"og:type\" content=\"article\" \/>\n<meta property=\"og:title\" content=\"Another Chance - ART Commission APS\" \/>\n<meta property=\"og:description\" content=\"ANOTHER CHANCE Connie Bellantonio Friederike Just Anne-Claire van den Elshout a cura di Virginia Monteverde opening: 16 settembre h.18.00 exhibition: 17\/09 &#8211; 2\/10 2022 &#8211; h.11- 20 Sala San Tommaso, Campo Santi Giovanni e Paolo, Venezia Sestiere Castello &#8211; Vaporetto fermata Ospedale. Il 16 settembre alle ore 18.00 a Venezia, nella Sala San Tommaso inLeggi di pi\u00f9 a riguardoAnother Chance[...]\" \/>\n<meta property=\"og:url\" content=\"https:\/\/www.artcommissionevents.com\/?p=3464\" \/>\n<meta property=\"og:site_name\" content=\"ART Commission APS\" \/>\n<meta property=\"article:published_time\" content=\"2022-09-01T06:10:41+00:00\" \/>\n<meta property=\"article:modified_time\" content=\"2022-09-01T06:14:14+00:00\" \/>\n<meta property=\"og:image\" content=\"https:\/\/www.artcommissionevents.com\/wp-content\/uploads\/2022\/09\/INVITO-MOSTRA-ANOTHER_CHANCE.jpg\" \/>\n\t<meta property=\"og:image:width\" content=\"800\" \/>\n\t<meta property=\"og:image:height\" content=\"800\" \/>\n\t<meta property=\"og:image:type\" content=\"image\/jpeg\" \/>\n<meta name=\"author\" content=\"ACE\" \/>\n<meta name=\"twitter:card\" content=\"summary_large_image\" \/>\n<meta name=\"twitter:label1\" content=\"Scritto da\" \/>\n\t<meta name=\"twitter:data1\" content=\"ACE\" \/>\n\t<meta name=\"twitter:label2\" content=\"Tempo di lettura stimato\" \/>\n\t<meta name=\"twitter:data2\" content=\"2 minuti\" \/>\n<script type=\"application\/ld+json\" class=\"yoast-schema-graph\">{\"@context\":\"https:\\\/\\\/schema.org\",\"@graph\":[{\"@type\":\"Article\",\"@id\":\"https:\\\/\\\/www.artcommissionevents.com\\\/?p=3464#article\",\"isPartOf\":{\"@id\":\"https:\\\/\\\/www.artcommissionevents.com\\\/?p=3464\"},\"author\":{\"name\":\"ACE\",\"@id\":\"https:\\\/\\\/www.artcommissionevents.com\\\/#\\\/schema\\\/person\\\/872facb5da4b5ac922a8cc8eaeb6f48b\"},\"headline\":\"Another Chance\",\"datePublished\":\"2022-09-01T06:10:41+00:00\",\"dateModified\":\"2022-09-01T06:14:14+00:00\",\"mainEntityOfPage\":{\"@id\":\"https:\\\/\\\/www.artcommissionevents.com\\\/?p=3464\"},\"wordCount\":399,\"image\":{\"@id\":\"https:\\\/\\\/www.artcommissionevents.com\\\/?p=3464#primaryimage\"},\"thumbnailUrl\":\"https:\\\/\\\/www.artcommissionevents.com\\\/wp-content\\\/uploads\\\/2022\\\/09\\\/INVITO-MOSTRA-ANOTHER_CHANCE.jpg\",\"articleSection\":[\"Eventi Vari\"],\"inLanguage\":\"it-IT\"},{\"@type\":\"WebPage\",\"@id\":\"https:\\\/\\\/www.artcommissionevents.com\\\/?p=3464\",\"url\":\"https:\\\/\\\/www.artcommissionevents.com\\\/?p=3464\",\"name\":\"Another Chance - ART Commission APS\",\"isPartOf\":{\"@id\":\"https:\\\/\\\/www.artcommissionevents.com\\\/#website\"},\"primaryImageOfPage\":{\"@id\":\"https:\\\/\\\/www.artcommissionevents.com\\\/?p=3464#primaryimage\"},\"image\":{\"@id\":\"https:\\\/\\\/www.artcommissionevents.com\\\/?p=3464#primaryimage\"},\"thumbnailUrl\":\"https:\\\/\\\/www.artcommissionevents.com\\\/wp-content\\\/uploads\\\/2022\\\/09\\\/INVITO-MOSTRA-ANOTHER_CHANCE.jpg\",\"datePublished\":\"2022-09-01T06:10:41+00:00\",\"dateModified\":\"2022-09-01T06:14:14+00:00\",\"author\":{\"@id\":\"https:\\\/\\\/www.artcommissionevents.com\\\/#\\\/schema\\\/person\\\/872facb5da4b5ac922a8cc8eaeb6f48b\"},\"breadcrumb\":{\"@id\":\"https:\\\/\\\/www.artcommissionevents.com\\\/?p=3464#breadcrumb\"},\"inLanguage\":\"it-IT\",\"potentialAction\":[{\"@type\":\"ReadAction\",\"target\":[\"https:\\\/\\\/www.artcommissionevents.com\\\/?p=3464\"]}]},{\"@type\":\"ImageObject\",\"inLanguage\":\"it-IT\",\"@id\":\"https:\\\/\\\/www.artcommissionevents.com\\\/?p=3464#primaryimage\",\"url\":\"https:\\\/\\\/www.artcommissionevents.com\\\/wp-content\\\/uploads\\\/2022\\\/09\\\/INVITO-MOSTRA-ANOTHER_CHANCE.jpg\",\"contentUrl\":\"https:\\\/\\\/www.artcommissionevents.com\\\/wp-content\\\/uploads\\\/2022\\\/09\\\/INVITO-MOSTRA-ANOTHER_CHANCE.jpg\",\"width\":800,\"height\":800},{\"@type\":\"BreadcrumbList\",\"@id\":\"https:\\\/\\\/www.artcommissionevents.com\\\/?p=3464#breadcrumb\",\"itemListElement\":[{\"@type\":\"ListItem\",\"position\":1,\"name\":\"Home\",\"item\":\"https:\\\/\\\/www.artcommissionevents.com\\\/\"},{\"@type\":\"ListItem\",\"position\":2,\"name\":\"Another Chance\"}]},{\"@type\":\"WebSite\",\"@id\":\"https:\\\/\\\/www.artcommissionevents.com\\\/#website\",\"url\":\"https:\\\/\\\/www.artcommissionevents.com\\\/\",\"name\":\"ART Commission APS\",\"description\":\"\",\"potentialAction\":[{\"@type\":\"SearchAction\",\"target\":{\"@type\":\"EntryPoint\",\"urlTemplate\":\"https:\\\/\\\/www.artcommissionevents.com\\\/?s={search_term_string}\"},\"query-input\":{\"@type\":\"PropertyValueSpecification\",\"valueRequired\":true,\"valueName\":\"search_term_string\"}}],\"inLanguage\":\"it-IT\"},{\"@type\":\"Person\",\"@id\":\"https:\\\/\\\/www.artcommissionevents.com\\\/#\\\/schema\\\/person\\\/872facb5da4b5ac922a8cc8eaeb6f48b\",\"name\":\"ACE\",\"url\":\"https:\\\/\\\/www.artcommissionevents.com\\\/?author=1\"}]}<\/script>\n<!-- \/ Yoast SEO plugin. -->","yoast_head_json":{"title":"Another Chance - ART Commission APS","robots":{"index":"index","follow":"follow","max-snippet":"max-snippet:-1","max-image-preview":"max-image-preview:large","max-video-preview":"max-video-preview:-1"},"canonical":"https:\/\/www.artcommissionevents.com\/?p=3464","og_locale":"it_IT","og_type":"article","og_title":"Another Chance - ART Commission APS","og_description":"ANOTHER CHANCE Connie Bellantonio Friederike Just Anne-Claire van den Elshout a cura di Virginia Monteverde opening: 16 settembre h.18.00 exhibition: 17\/09 &#8211; 2\/10 2022 &#8211; h.11- 20 Sala San Tommaso, Campo Santi Giovanni e Paolo, Venezia Sestiere Castello &#8211; Vaporetto fermata Ospedale. Il 16 settembre alle ore 18.00 a Venezia, nella Sala San Tommaso inLeggi di pi\u00f9 a riguardoAnother Chance[...]","og_url":"https:\/\/www.artcommissionevents.com\/?p=3464","og_site_name":"ART Commission APS","article_published_time":"2022-09-01T06:10:41+00:00","article_modified_time":"2022-09-01T06:14:14+00:00","og_image":[{"width":800,"height":800,"url":"https:\/\/www.artcommissionevents.com\/wp-content\/uploads\/2022\/09\/INVITO-MOSTRA-ANOTHER_CHANCE.jpg","type":"image\/jpeg"}],"author":"ACE","twitter_card":"summary_large_image","twitter_misc":{"Scritto da":"ACE","Tempo di lettura stimato":"2 minuti"},"schema":{"@context":"https:\/\/schema.org","@graph":[{"@type":"Article","@id":"https:\/\/www.artcommissionevents.com\/?p=3464#article","isPartOf":{"@id":"https:\/\/www.artcommissionevents.com\/?p=3464"},"author":{"name":"ACE","@id":"https:\/\/www.artcommissionevents.com\/#\/schema\/person\/872facb5da4b5ac922a8cc8eaeb6f48b"},"headline":"Another Chance","datePublished":"2022-09-01T06:10:41+00:00","dateModified":"2022-09-01T06:14:14+00:00","mainEntityOfPage":{"@id":"https:\/\/www.artcommissionevents.com\/?p=3464"},"wordCount":399,"image":{"@id":"https:\/\/www.artcommissionevents.com\/?p=3464#primaryimage"},"thumbnailUrl":"https:\/\/www.artcommissionevents.com\/wp-content\/uploads\/2022\/09\/INVITO-MOSTRA-ANOTHER_CHANCE.jpg","articleSection":["Eventi Vari"],"inLanguage":"it-IT"},{"@type":"WebPage","@id":"https:\/\/www.artcommissionevents.com\/?p=3464","url":"https:\/\/www.artcommissionevents.com\/?p=3464","name":"Another Chance - ART Commission APS","isPartOf":{"@id":"https:\/\/www.artcommissionevents.com\/#website"},"primaryImageOfPage":{"@id":"https:\/\/www.artcommissionevents.com\/?p=3464#primaryimage"},"image":{"@id":"https:\/\/www.artcommissionevents.com\/?p=3464#primaryimage"},"thumbnailUrl":"https:\/\/www.artcommissionevents.com\/wp-content\/uploads\/2022\/09\/INVITO-MOSTRA-ANOTHER_CHANCE.jpg","datePublished":"2022-09-01T06:10:41+00:00","dateModified":"2022-09-01T06:14:14+00:00","author":{"@id":"https:\/\/www.artcommissionevents.com\/#\/schema\/person\/872facb5da4b5ac922a8cc8eaeb6f48b"},"breadcrumb":{"@id":"https:\/\/www.artcommissionevents.com\/?p=3464#breadcrumb"},"inLanguage":"it-IT","potentialAction":[{"@type":"ReadAction","target":["https:\/\/www.artcommissionevents.com\/?p=3464"]}]},{"@type":"ImageObject","inLanguage":"it-IT","@id":"https:\/\/www.artcommissionevents.com\/?p=3464#primaryimage","url":"https:\/\/www.artcommissionevents.com\/wp-content\/uploads\/2022\/09\/INVITO-MOSTRA-ANOTHER_CHANCE.jpg","contentUrl":"https:\/\/www.artcommissionevents.com\/wp-content\/uploads\/2022\/09\/INVITO-MOSTRA-ANOTHER_CHANCE.jpg","width":800,"height":800},{"@type":"BreadcrumbList","@id":"https:\/\/www.artcommissionevents.com\/?p=3464#breadcrumb","itemListElement":[{"@type":"ListItem","position":1,"name":"Home","item":"https:\/\/www.artcommissionevents.com\/"},{"@type":"ListItem","position":2,"name":"Another Chance"}]},{"@type":"WebSite","@id":"https:\/\/www.artcommissionevents.com\/#website","url":"https:\/\/www.artcommissionevents.com\/","name":"ART Commission APS","description":"","potentialAction":[{"@type":"SearchAction","target":{"@type":"EntryPoint","urlTemplate":"https:\/\/www.artcommissionevents.com\/?s={search_term_string}"},"query-input":{"@type":"PropertyValueSpecification","valueRequired":true,"valueName":"search_term_string"}}],"inLanguage":"it-IT"},{"@type":"Person","@id":"https:\/\/www.artcommissionevents.com\/#\/schema\/person\/872facb5da4b5ac922a8cc8eaeb6f48b","name":"ACE","url":"https:\/\/www.artcommissionevents.com\/?author=1"}]}},"_links":{"self":[{"href":"https:\/\/www.artcommissionevents.com\/index.php?rest_route=\/wp\/v2\/posts\/3464","targetHints":{"allow":["GET"]}}],"collection":[{"href":"https:\/\/www.artcommissionevents.com\/index.php?rest_route=\/wp\/v2\/posts"}],"about":[{"href":"https:\/\/www.artcommissionevents.com\/index.php?rest_route=\/wp\/v2\/types\/post"}],"author":[{"embeddable":true,"href":"https:\/\/www.artcommissionevents.com\/index.php?rest_route=\/wp\/v2\/users\/1"}],"replies":[{"embeddable":true,"href":"https:\/\/www.artcommissionevents.com\/index.php?rest_route=%2Fwp%2Fv2%2Fcomments&post=3464"}],"version-history":[{"count":2,"href":"https:\/\/www.artcommissionevents.com\/index.php?rest_route=\/wp\/v2\/posts\/3464\/revisions"}],"predecessor-version":[{"id":3476,"href":"https:\/\/www.artcommissionevents.com\/index.php?rest_route=\/wp\/v2\/posts\/3464\/revisions\/3476"}],"wp:featuredmedia":[{"embeddable":true,"href":"https:\/\/www.artcommissionevents.com\/index.php?rest_route=\/wp\/v2\/media\/3465"}],"wp:attachment":[{"href":"https:\/\/www.artcommissionevents.com\/index.php?rest_route=%2Fwp%2Fv2%2Fmedia&parent=3464"}],"wp:term":[{"taxonomy":"category","embeddable":true,"href":"https:\/\/www.artcommissionevents.com\/index.php?rest_route=%2Fwp%2Fv2%2Fcategories&post=3464"},{"taxonomy":"post_tag","embeddable":true,"href":"https:\/\/www.artcommissionevents.com\/index.php?rest_route=%2Fwp%2Fv2%2Ftags&post=3464"}],"curies":[{"name":"wp","href":"https:\/\/api.w.org\/{rel}","templated":true}]}}