{"id":3534,"date":"2022-11-12T21:12:08","date_gmt":"2022-11-12T20:12:08","guid":{"rendered":"http:\/\/www.artcommissionevents.com\/?p=3534"},"modified":"2022-11-12T21:12:24","modified_gmt":"2022-11-12T20:12:24","slug":"3534","status":"publish","type":"post","link":"https:\/\/www.artcommissionevents.com\/?p=3534","title":{"rendered":""},"content":{"rendered":"<p><img loading=\"lazy\" decoding=\"async\" class=\"wp-image-3535 alignleft\" src=\"http:\/\/www.artcommissionevents.com\/wp-content\/uploads\/2022\/11\/Schermata-2022-11-12-alle-21.10.05-726x1024.png\" alt=\"Schermata 2022-11-12 alle 21.10.05\" width=\"354\" height=\"499\" srcset=\"https:\/\/www.artcommissionevents.com\/wp-content\/uploads\/2022\/11\/Schermata-2022-11-12-alle-21.10.05-726x1024.png 726w, https:\/\/www.artcommissionevents.com\/wp-content\/uploads\/2022\/11\/Schermata-2022-11-12-alle-21.10.05-213x300.png 213w, https:\/\/www.artcommissionevents.com\/wp-content\/uploads\/2022\/11\/Schermata-2022-11-12-alle-21.10.05-768x1084.png 768w, https:\/\/www.artcommissionevents.com\/wp-content\/uploads\/2022\/11\/Schermata-2022-11-12-alle-21.10.05.png 788w\" sizes=\"auto, (max-width: 354px) 100vw, 354px\" \/><\/p>\n<p><b>GIORNATE PASOLINIANE<\/b><\/p>\n<p><b>Istituto Italiano di Cultura di Amsterdam<\/b><\/p>\n<p><b>mercoled\u00ec<\/b> <b>16 novembre <\/b><b>2022<\/b> <b>h 19.00<\/b><\/p>\n<p>Keizersgracht 564 1017 EM Amsterdam &#8211; Paesi Bassi<\/p>\n<p>Poesia e fotografia. Un&#8217;alleanza che ben si addice a celebrare <b>Pier Paolo Pasolini <\/b>per le <b>Giornate Pasoliniane<\/b>, dedicate al grande uomo di cultura italiano nel centenario della sua nascita.<\/p>\n<p>L&#8217;Istituto Italiano di Cultura ad Amsterdam, in collaborazione con l&#8217;Associazione di promozione sociale della Cultura ART Commission, celebra PPP con il Reading poetico <b>Poesie corsare<\/b> con <b>Claudio Pozzani<\/b>, ideatore e direttore del Festival Internazionale di Poesia di Genova che scrive:<\/p>\n<p><span class=\"Apple-converted-space\">\u00a0<\/span>&#8221; <i>Pasolini \u00e8 stato intellettuale, scrittore, regista, sceneggiatore, drammaturgo e giornalista, ma <span class=\"Apple-converted-space\">\u00a0 <\/span>all&#8217;estero \u00e8 considerato soprattutto un poeta. La sua poesia contiene le sue idee-forza, l&#8217;ampiezza dello sguardo, i diversi registri emotivi, persino le sue contraddizioni. E&#8217; per questo che un reading poetico di opere di Pasolini riesce a comporre un mosaico esaustivo ed entusiasmante della sua parabola di pensatore e di osservatore della societ\u00e0 contemporanea e dei sentimenti degli esseri umani. La grandezza dell&#8217;autore e dell&#8217;intellettuale \u00e8 testimoniata dall&#8217;incredibile attualit\u00e0 che permea tuttora i suoi scritti, i suoi versi, la sua arte.&#8221;<span class=\"Apple-converted-space\">\u00a0<\/span><\/i><\/p>\n<p>Per l&#8217;occasione sar\u00e0 presentata l&#8217;installazione fotografica della fotografa e regista <b>Alessandra Vinotto<\/b> &#8220;Pier Paolo Pasolini 2.0: Nowhere Land&#8221;, a cura di Virginia Monteverde.<\/p>\n<p>Scrive la Vinotto:<span class=\"Apple-converted-space\">\u00a0 <\/span>&#8220;<i>Si pu\u00f2 dire che Pasolini sia stato l\u2019ultima eccezionale incarnazione della figura dell\u2019autentico intellettuale \u2018antisistema\u2019 del novecento, e sicuramente ha rappresentato la coscienza critica dell\u2019Italia, molto avanti rispetto al suo tempo.<span class=\"Apple-converted-space\">\u00a0<\/span><\/i><\/p>\n<p><i>Sempre attentissimo ai mutamenti della societ\u00e0, nelle sue opere di poesia, narrativa e regia denunci\u00f3 con ogni mezzo gli squilibri sociali e antropologici provocati dall\u2019industrializzazione e dalla TV, annunciando profeticamente il trionfo del consumismo e la caduta dei valori morali, con conseguente perdita del senso del sacro, fine del mondo contadino e omologazione di massa.&#8221;<\/i><\/p>\n<p>Il progetto di Alessandra Vinotto parte dalle parole dei<span class=\"Apple-converted-space\">\u00a0 <\/span>versi e dei romanzi di Pasolini, per arrivare a una rappresentazione \u2018realista terminale\u2019 che sintetizzi il suo pensiero; nelle immagini d\u00ec Vinotto la natura assomiglia agli oggetti e i luoghi, privati della presenza umana, sono vuoti contenitori impersonali, sia che si tratti d\u00ec ambiente naturale che d\u00ec architetture.<span class=\"Apple-converted-space\">\u00a0<\/span><\/p>\n<p>Le fotografie, scarne ed essenziali, raccontano ci\u00f2 che resta del boom economico e del progresso, e vogliono attirare l\u2019attenzione sulla necessit\u00e0 d\u00ec fare un passo indietro e riappropriarci della nostra umanit\u00e0 e dei nostri spazi, tanto significativi per Pier Paolo Pasolini.<span class=\"Apple-converted-space\">\u00a0<\/span><\/p>\n<p>L\u2019installazione \u00e8 composta da immagini e voci, i visitatori potranno interagire con l\u2019opera e ascoltare le parole di Pasolini attraverso le voci dell\u2019autrice e dell\u2019attrice <b>Ottavia Fusco Squitieri.<\/b><\/p>\n<p>L&#8217;evento si terr\u00e0 presso l&#8217;Istituto Italiano di Cultura, Kaisersgracht 564 1017 EM Amsterdam,<span class=\"Apple-converted-space\">\u00a0 <\/span>il il 16 novembre alle ore 19.00.<\/p>\n","protected":false},"excerpt":{"rendered":"<p>GIORNATE PASOLINIANE Istituto Italiano di Cultura di Amsterdam mercoled\u00ec 16 novembre 2022 h 19.00 Keizersgracht 564 1017 EM Amsterdam &#8211; Paesi Bassi Poesia e fotografia. Un&#8217;alleanza che ben si addice a celebrare Pier Paolo Pasolini per le Giornate Pasoliniane, dedicate al grande uomo di cultura italiano nel centenario della sua nascita. L&#8217;Istituto Italiano di Cultura<a class=\"moretag\" href=\"https:\/\/www.artcommissionevents.com\/?p=3534\"><span class=\"screen-reader-text\">Leggi di pi\u00f9 a riguardo<\/span>[&#8230;]<\/a><\/p>\n","protected":false},"author":1,"featured_media":3535,"comment_status":"closed","ping_status":"closed","sticky":false,"template":"","format":"standard","meta":{"footnotes":""},"categories":[1],"tags":[],"class_list":["post-3534","post","type-post","status-publish","format-standard","has-post-thumbnail","hentry","category-eventi"],"yoast_head":"<!-- This site is optimized with the Yoast SEO plugin v28.4 - https:\/\/yoast.com\/product\/yoast-seo-wordpress\/ -->\n<title>- ART Commission APS<\/title>\n<meta name=\"robots\" content=\"index, follow, max-snippet:-1, max-image-preview:large, max-video-preview:-1\" \/>\n<link rel=\"canonical\" href=\"https:\/\/www.artcommissionevents.com\/?p=3534\" \/>\n<meta property=\"og:locale\" content=\"it_IT\" \/>\n<meta property=\"og:type\" content=\"article\" \/>\n<meta property=\"og:title\" content=\"- ART Commission APS\" \/>\n<meta property=\"og:description\" content=\"GIORNATE PASOLINIANE Istituto Italiano di Cultura di Amsterdam mercoled\u00ec 16 novembre 2022 h 19.00 Keizersgracht 564 1017 EM Amsterdam &#8211; Paesi Bassi Poesia e fotografia. Un&#8217;alleanza che ben si addice a celebrare Pier Paolo Pasolini per le Giornate Pasoliniane, dedicate al grande uomo di cultura italiano nel centenario della sua nascita. L&#8217;Istituto Italiano di CulturaLeggi di pi\u00f9 a riguardo[...]\" \/>\n<meta property=\"og:url\" content=\"https:\/\/www.artcommissionevents.com\/?p=3534\" \/>\n<meta property=\"og:site_name\" content=\"ART Commission APS\" \/>\n<meta property=\"article:published_time\" content=\"2022-11-12T20:12:08+00:00\" \/>\n<meta property=\"article:modified_time\" content=\"2022-11-12T20:12:24+00:00\" \/>\n<meta property=\"og:image\" content=\"https:\/\/www.artcommissionevents.com\/wp-content\/uploads\/2022\/11\/Schermata-2022-11-12-alle-21.10.05.png\" \/>\n\t<meta property=\"og:image:width\" content=\"788\" \/>\n\t<meta property=\"og:image:height\" content=\"1112\" \/>\n\t<meta property=\"og:image:type\" content=\"image\/png\" \/>\n<meta name=\"author\" content=\"ACE\" \/>\n<meta name=\"twitter:card\" content=\"summary_large_image\" \/>\n<meta name=\"twitter:label1\" content=\"Scritto da\" \/>\n\t<meta name=\"twitter:data1\" content=\"ACE\" \/>\n\t<meta name=\"twitter:label2\" content=\"Tempo di lettura stimato\" \/>\n\t<meta name=\"twitter:data2\" content=\"2 minuti\" \/>\n<script type=\"application\/ld+json\" class=\"yoast-schema-graph\">{\"@context\":\"https:\\\/\\\/schema.org\",\"@graph\":[{\"@type\":\"Article\",\"@id\":\"https:\\\/\\\/www.artcommissionevents.com\\\/?p=3534#article\",\"isPartOf\":{\"@id\":\"https:\\\/\\\/www.artcommissionevents.com\\\/?p=3534\"},\"author\":{\"name\":\"ACE\",\"@id\":\"https:\\\/\\\/www.artcommissionevents.com\\\/#\\\/schema\\\/person\\\/872facb5da4b5ac922a8cc8eaeb6f48b\"},\"headline\":\"Nessun titolo\",\"datePublished\":\"2022-11-12T20:12:08+00:00\",\"dateModified\":\"2022-11-12T20:12:24+00:00\",\"mainEntityOfPage\":{\"@id\":\"https:\\\/\\\/www.artcommissionevents.com\\\/?p=3534\"},\"wordCount\":448,\"image\":{\"@id\":\"https:\\\/\\\/www.artcommissionevents.com\\\/?p=3534#primaryimage\"},\"thumbnailUrl\":\"https:\\\/\\\/www.artcommissionevents.com\\\/wp-content\\\/uploads\\\/2022\\\/11\\\/Schermata-2022-11-12-alle-21.10.05.png\",\"articleSection\":[\"Eventi Vari\"],\"inLanguage\":\"it-IT\"},{\"@type\":\"WebPage\",\"@id\":\"https:\\\/\\\/www.artcommissionevents.com\\\/?p=3534\",\"url\":\"https:\\\/\\\/www.artcommissionevents.com\\\/?p=3534\",\"name\":\"- ART Commission APS\",\"isPartOf\":{\"@id\":\"https:\\\/\\\/www.artcommissionevents.com\\\/#website\"},\"primaryImageOfPage\":{\"@id\":\"https:\\\/\\\/www.artcommissionevents.com\\\/?p=3534#primaryimage\"},\"image\":{\"@id\":\"https:\\\/\\\/www.artcommissionevents.com\\\/?p=3534#primaryimage\"},\"thumbnailUrl\":\"https:\\\/\\\/www.artcommissionevents.com\\\/wp-content\\\/uploads\\\/2022\\\/11\\\/Schermata-2022-11-12-alle-21.10.05.png\",\"datePublished\":\"2022-11-12T20:12:08+00:00\",\"dateModified\":\"2022-11-12T20:12:24+00:00\",\"author\":{\"@id\":\"https:\\\/\\\/www.artcommissionevents.com\\\/#\\\/schema\\\/person\\\/872facb5da4b5ac922a8cc8eaeb6f48b\"},\"inLanguage\":\"it-IT\",\"potentialAction\":[{\"@type\":\"ReadAction\",\"target\":[\"https:\\\/\\\/www.artcommissionevents.com\\\/?p=3534\"]}]},{\"@type\":\"ImageObject\",\"inLanguage\":\"it-IT\",\"@id\":\"https:\\\/\\\/www.artcommissionevents.com\\\/?p=3534#primaryimage\",\"url\":\"https:\\\/\\\/www.artcommissionevents.com\\\/wp-content\\\/uploads\\\/2022\\\/11\\\/Schermata-2022-11-12-alle-21.10.05.png\",\"contentUrl\":\"https:\\\/\\\/www.artcommissionevents.com\\\/wp-content\\\/uploads\\\/2022\\\/11\\\/Schermata-2022-11-12-alle-21.10.05.png\",\"width\":788,\"height\":1112},{\"@type\":\"WebSite\",\"@id\":\"https:\\\/\\\/www.artcommissionevents.com\\\/#website\",\"url\":\"https:\\\/\\\/www.artcommissionevents.com\\\/\",\"name\":\"ART Commission APS\",\"description\":\"\",\"potentialAction\":[{\"@type\":\"SearchAction\",\"target\":{\"@type\":\"EntryPoint\",\"urlTemplate\":\"https:\\\/\\\/www.artcommissionevents.com\\\/?s={search_term_string}\"},\"query-input\":{\"@type\":\"PropertyValueSpecification\",\"valueRequired\":true,\"valueName\":\"search_term_string\"}}],\"inLanguage\":\"it-IT\"},{\"@type\":\"Person\",\"@id\":\"https:\\\/\\\/www.artcommissionevents.com\\\/#\\\/schema\\\/person\\\/872facb5da4b5ac922a8cc8eaeb6f48b\",\"name\":\"ACE\",\"url\":\"https:\\\/\\\/www.artcommissionevents.com\\\/?author=1\"}]}<\/script>\n<!-- \/ Yoast SEO plugin. -->","yoast_head_json":{"title":"- ART Commission APS","robots":{"index":"index","follow":"follow","max-snippet":"max-snippet:-1","max-image-preview":"max-image-preview:large","max-video-preview":"max-video-preview:-1"},"canonical":"https:\/\/www.artcommissionevents.com\/?p=3534","og_locale":"it_IT","og_type":"article","og_title":"- ART Commission APS","og_description":"GIORNATE PASOLINIANE Istituto Italiano di Cultura di Amsterdam mercoled\u00ec 16 novembre 2022 h 19.00 Keizersgracht 564 1017 EM Amsterdam &#8211; Paesi Bassi Poesia e fotografia. Un&#8217;alleanza che ben si addice a celebrare Pier Paolo Pasolini per le Giornate Pasoliniane, dedicate al grande uomo di cultura italiano nel centenario della sua nascita. L&#8217;Istituto Italiano di CulturaLeggi di pi\u00f9 a riguardo[...]","og_url":"https:\/\/www.artcommissionevents.com\/?p=3534","og_site_name":"ART Commission APS","article_published_time":"2022-11-12T20:12:08+00:00","article_modified_time":"2022-11-12T20:12:24+00:00","og_image":[{"width":788,"height":1112,"url":"https:\/\/www.artcommissionevents.com\/wp-content\/uploads\/2022\/11\/Schermata-2022-11-12-alle-21.10.05.png","type":"image\/png"}],"author":"ACE","twitter_card":"summary_large_image","twitter_misc":{"Scritto da":"ACE","Tempo di lettura stimato":"2 minuti"},"schema":{"@context":"https:\/\/schema.org","@graph":[{"@type":"Article","@id":"https:\/\/www.artcommissionevents.com\/?p=3534#article","isPartOf":{"@id":"https:\/\/www.artcommissionevents.com\/?p=3534"},"author":{"name":"ACE","@id":"https:\/\/www.artcommissionevents.com\/#\/schema\/person\/872facb5da4b5ac922a8cc8eaeb6f48b"},"headline":"Nessun titolo","datePublished":"2022-11-12T20:12:08+00:00","dateModified":"2022-11-12T20:12:24+00:00","mainEntityOfPage":{"@id":"https:\/\/www.artcommissionevents.com\/?p=3534"},"wordCount":448,"image":{"@id":"https:\/\/www.artcommissionevents.com\/?p=3534#primaryimage"},"thumbnailUrl":"https:\/\/www.artcommissionevents.com\/wp-content\/uploads\/2022\/11\/Schermata-2022-11-12-alle-21.10.05.png","articleSection":["Eventi Vari"],"inLanguage":"it-IT"},{"@type":"WebPage","@id":"https:\/\/www.artcommissionevents.com\/?p=3534","url":"https:\/\/www.artcommissionevents.com\/?p=3534","name":"- ART Commission APS","isPartOf":{"@id":"https:\/\/www.artcommissionevents.com\/#website"},"primaryImageOfPage":{"@id":"https:\/\/www.artcommissionevents.com\/?p=3534#primaryimage"},"image":{"@id":"https:\/\/www.artcommissionevents.com\/?p=3534#primaryimage"},"thumbnailUrl":"https:\/\/www.artcommissionevents.com\/wp-content\/uploads\/2022\/11\/Schermata-2022-11-12-alle-21.10.05.png","datePublished":"2022-11-12T20:12:08+00:00","dateModified":"2022-11-12T20:12:24+00:00","author":{"@id":"https:\/\/www.artcommissionevents.com\/#\/schema\/person\/872facb5da4b5ac922a8cc8eaeb6f48b"},"inLanguage":"it-IT","potentialAction":[{"@type":"ReadAction","target":["https:\/\/www.artcommissionevents.com\/?p=3534"]}]},{"@type":"ImageObject","inLanguage":"it-IT","@id":"https:\/\/www.artcommissionevents.com\/?p=3534#primaryimage","url":"https:\/\/www.artcommissionevents.com\/wp-content\/uploads\/2022\/11\/Schermata-2022-11-12-alle-21.10.05.png","contentUrl":"https:\/\/www.artcommissionevents.com\/wp-content\/uploads\/2022\/11\/Schermata-2022-11-12-alle-21.10.05.png","width":788,"height":1112},{"@type":"WebSite","@id":"https:\/\/www.artcommissionevents.com\/#website","url":"https:\/\/www.artcommissionevents.com\/","name":"ART Commission APS","description":"","potentialAction":[{"@type":"SearchAction","target":{"@type":"EntryPoint","urlTemplate":"https:\/\/www.artcommissionevents.com\/?s={search_term_string}"},"query-input":{"@type":"PropertyValueSpecification","valueRequired":true,"valueName":"search_term_string"}}],"inLanguage":"it-IT"},{"@type":"Person","@id":"https:\/\/www.artcommissionevents.com\/#\/schema\/person\/872facb5da4b5ac922a8cc8eaeb6f48b","name":"ACE","url":"https:\/\/www.artcommissionevents.com\/?author=1"}]}},"_links":{"self":[{"href":"https:\/\/www.artcommissionevents.com\/index.php?rest_route=\/wp\/v2\/posts\/3534","targetHints":{"allow":["GET"]}}],"collection":[{"href":"https:\/\/www.artcommissionevents.com\/index.php?rest_route=\/wp\/v2\/posts"}],"about":[{"href":"https:\/\/www.artcommissionevents.com\/index.php?rest_route=\/wp\/v2\/types\/post"}],"author":[{"embeddable":true,"href":"https:\/\/www.artcommissionevents.com\/index.php?rest_route=\/wp\/v2\/users\/1"}],"replies":[{"embeddable":true,"href":"https:\/\/www.artcommissionevents.com\/index.php?rest_route=%2Fwp%2Fv2%2Fcomments&post=3534"}],"version-history":[{"count":1,"href":"https:\/\/www.artcommissionevents.com\/index.php?rest_route=\/wp\/v2\/posts\/3534\/revisions"}],"predecessor-version":[{"id":3536,"href":"https:\/\/www.artcommissionevents.com\/index.php?rest_route=\/wp\/v2\/posts\/3534\/revisions\/3536"}],"wp:featuredmedia":[{"embeddable":true,"href":"https:\/\/www.artcommissionevents.com\/index.php?rest_route=\/wp\/v2\/media\/3535"}],"wp:attachment":[{"href":"https:\/\/www.artcommissionevents.com\/index.php?rest_route=%2Fwp%2Fv2%2Fmedia&parent=3534"}],"wp:term":[{"taxonomy":"category","embeddable":true,"href":"https:\/\/www.artcommissionevents.com\/index.php?rest_route=%2Fwp%2Fv2%2Fcategories&post=3534"},{"taxonomy":"post_tag","embeddable":true,"href":"https:\/\/www.artcommissionevents.com\/index.php?rest_route=%2Fwp%2Fv2%2Ftags&post=3534"}],"curies":[{"name":"wp","href":"https:\/\/api.w.org\/{rel}","templated":true}]}}