{"id":3544,"date":"2022-11-21T17:13:37","date_gmt":"2022-11-21T16:13:37","guid":{"rendered":"http:\/\/www.artcommissionevents.com\/?p=3544"},"modified":"2022-11-21T17:13:59","modified_gmt":"2022-11-21T16:13:59","slug":"riccarda-montenero-habites-par-la-peur","status":"publish","type":"post","link":"https:\/\/www.artcommissionevents.com\/?p=3544","title":{"rendered":"Riccarda Montenero &#8211; Habit\u00e9s par la peur"},"content":{"rendered":"<p><b><img loading=\"lazy\" decoding=\"async\" class=\"wp-image-3543 alignleft\" src=\"http:\/\/www.artcommissionevents.com\/wp-content\/uploads\/2022\/11\/MONTENERO-INVITO-1024x1024.jpg\" alt=\"MONTENERO INVITO\" width=\"408\" height=\"408\" srcset=\"https:\/\/www.artcommissionevents.com\/wp-content\/uploads\/2022\/11\/MONTENERO-INVITO-1024x1024.jpg 1024w, https:\/\/www.artcommissionevents.com\/wp-content\/uploads\/2022\/11\/MONTENERO-INVITO-150x150.jpg 150w, https:\/\/www.artcommissionevents.com\/wp-content\/uploads\/2022\/11\/MONTENERO-INVITO-300x300.jpg 300w, https:\/\/www.artcommissionevents.com\/wp-content\/uploads\/2022\/11\/MONTENERO-INVITO-768x768.jpg 768w, https:\/\/www.artcommissionevents.com\/wp-content\/uploads\/2022\/11\/MONTENERO-INVITO-250x250.jpg 250w, https:\/\/www.artcommissionevents.com\/wp-content\/uploads\/2022\/11\/MONTENERO-INVITO-350x350.jpg 350w, https:\/\/www.artcommissionevents.com\/wp-content\/uploads\/2022\/11\/MONTENERO-INVITO.jpg 1667w\" sizes=\"auto, (max-width: 408px) 100vw, 408px\" \/>Riccarda Montenero<\/b><\/p>\n<p><b><i>Habit\u00e9s par la peur<\/i><\/b><\/p>\n<p>24 novembre h.18<\/p>\n<p>Spazio46 di Palazzo Ducale, Genova<\/p>\n<p>Dal 24 novembre al 23 dicembre lo Spazio46 di Palazzo Ducale a Genova ospita la<span class=\"Apple-converted-space\">\u00a0 <\/span>mostra di Riccarda Montenero <b><i>Habit\u00e9s par la peur<\/i><\/b> a cura di Virginia Monteverde con la presentazione critica di Viana Conti. La mostra, che inaugura gioved\u00ec 24 novembre alle ore 18.00, rientra tra gli eventi proposti a Genova in occasione del Festival dell\u2019Eccellenza al Femminile.<span class=\"Apple-converted-space\">\u00a0<\/span><\/p>\n<p><i>Una sequenza di settancinque opere fotografiche si distende a parete, articolandosi in cinque serie sintomaticamente intitolate Gestes de la peur\/Gesti della paura, D\u00e9sir qui se brise\/Desiderio che si spezza, Mutisme du mot\/Parola muta, Panique du corps\/Panico del corpo, Loi du poing\/Legge del pugno. Sequenza di enunciati e sensazioni che afferiscono tanto alla dimensione fotografica che a quella filmico\/teatrica. In una societ\u00e0 di massa globalmente consumistica, massmediaticamente manipolata, insidiosamente permeata da una microfisica del potere, di visione foucaultiana, l&#8217;artista lavora a una formalizzazione dell&#8217;icona della paura atta a creare effetti di resistenza, consapevolezza dei propri diritti sociali e civili, potenzialit\u00e0 critica nei confronti di stati di sorveglianza, tracciamento identitario, distanza sociale.<span class=\"Apple-converted-space\">\u00a0<\/span><\/i><\/p>\n<p><i>Protagonista del ciclo in mostra Habit\u00e9s par la peur, 2019-2021, \u00e8 il gioco di tensioni volumetriche in uno spazio\/tempo di complicit\u00e0 tra luci e ombre, opacit\u00e0 e trasparenze, presenze corporee visibili e altre dissimulate. Una poetica del vissuto \u00e8<span class=\"Apple-converted-space\">\u00a0 <\/span>ravvisabile anche nelle variazioni cromatiche, sui toni caldi, del rame, dell&#8217;ottone, del ferro ossidato, delle ocre dorate e bruciate. Nei primi piani mossi di Panique du corps si percepiscono perfino un luminismo e un colorismo riconduci<\/i> <i>bili alla pittura veneta. Scaturisce da un consolidato rapporto di scambio tra l&#8217;artista Riccarda Montenero e la videoasta Teresa Scotto di Vettimo, la versione in cortometraggio, interpretata da Laurent Borel, intitolata Habill\u00e9s par la peur &#8211; Visions d&#8217;un visiteur ordinaire\/Vestiti di paura-Pensieri visionari di un visitatore ordinario, in cui, tra essere e apparire, tra immaginario maschile e ironia femminile, si opera uno slittamento del senso dell&#8217;abitare\/Habiter nel senso del vestire\/Habiller.<\/i><span class=\"Apple-converted-space\">\u00a0 <\/span>(Viana Conti)<\/p>\n<p><b>Biografia<\/b><\/p>\n<p><b>Riccarda Montener<\/b>o si diploma all\u2019Accademia di Belle Arti di Lecce e si laurea in Architettura all\u2019Universit\u00e0 di Torino. Nei giardini del Palazzo Reale della stessa citt\u00e0 sono collocate due sue opere di grandi dimensioni. Oltre ad esporre e a partecipare a mostre ed eventi culturali in Italia e all\u2019estero, a rassegne di cine-video-arte, porta avanti una collaborazione con artisti e intellettuali che sfocia in pubblicazioni editoriali e performances interdisciplinari. Nel 2011 ha partecipato alla 54\u1d45 Edizione Internazionale della Biennale di Venezia, Padiglione Italia (Piemonte) a cura di Vittorio Sgarbi. Lavora nel campo della fotografia, della scultura e dell\u2019arte digitale 3D. I suoi progetti artistici si collocano in un approccio umanistico, attraverso il quale cerca di far emergere l\u2019invisibile e di metterci di fronte alla violenza con cui si confronta.<\/p>\n<p>Collabora con M\u00e9moire de l\u2019Avenir-Arts and Society a Parigi.<\/p>\n<p>Vive e lavora tra Parigi e Torino<\/p>\n<p><b>Riccarda Montenero<\/b><\/p>\n<p><b>Habit\u00e9s par la peur<\/b><\/p>\n<p>opening 24 novembre h.18<\/p>\n<p>exhibition 25 novembre-23dicembre 2022<\/p>\n<p>orari: da marted\u00ec a sabato 16.00-19.00<\/p>\n<p>Spazio46 di Palazzo Ducale, Genova<\/p>\n<p>&nbsp;<\/p>\n<p><i><span class=\"Apple-converted-space\">\u00a0 \u00a0 \u00a0 \u00a0 \u00a0 \u00a0 \u00a0 \u00a0 \u00a0 \u00a0 \u00a0 \u00a0 \u00a0 \u00a0 \u00a0 \u00a0 \u00a0 \u00a0 \u00a0 \u00a0 \u00a0 \u00a0 \u00a0 \u00a0 \u00a0 \u00a0 \u00a0 \u00a0 \u00a0 \u00a0 \u00a0 \u00a0 \u00a0 \u00a0 \u00a0 \u00a0 \u00a0 \u00a0 \u00a0 \u00a0 \u00a0 \u00a0 \u00a0 \u00a0 \u00a0 \u00a0 \u00a0 \u00a0 \u00a0 \u00a0 \u00a0 \u00a0 \u00a0 \u00a0 \u00a0 \u00a0 \u00a0 \u00a0 \u00a0 \u00a0 \u00a0 \u00a0<\/span><\/i><\/p>\n<p>info:artcommission.genova@gmail.com<\/p>\n","protected":false},"excerpt":{"rendered":"<p>Riccarda Montenero Habit\u00e9s par la peur 24 novembre h.18 Spazio46 di Palazzo Ducale, Genova Dal 24 novembre al 23 dicembre lo Spazio46 di Palazzo Ducale a Genova ospita la\u00a0 mostra di Riccarda Montenero Habit\u00e9s par la peur a cura di Virginia Monteverde con la presentazione critica di Viana Conti. La mostra, che inaugura gioved\u00ec 24<a class=\"moretag\" href=\"https:\/\/www.artcommissionevents.com\/?p=3544\"><span class=\"screen-reader-text\">Leggi di pi\u00f9 a riguardoRiccarda Montenero &#8211; Habit\u00e9s par la peur<\/span>[&#8230;]<\/a><\/p>\n","protected":false},"author":1,"featured_media":3543,"comment_status":"closed","ping_status":"closed","sticky":false,"template":"","format":"standard","meta":{"footnotes":""},"categories":[1],"tags":[],"class_list":["post-3544","post","type-post","status-publish","format-standard","has-post-thumbnail","hentry","category-eventi"],"yoast_head":"<!-- This site is optimized with the Yoast SEO plugin v28.4 - https:\/\/yoast.com\/product\/yoast-seo-wordpress\/ -->\n<title>Riccarda Montenero - Habit\u00e9s par la peur - ART Commission APS<\/title>\n<meta name=\"robots\" content=\"index, follow, max-snippet:-1, max-image-preview:large, max-video-preview:-1\" \/>\n<link rel=\"canonical\" href=\"https:\/\/www.artcommissionevents.com\/?p=3544\" \/>\n<meta property=\"og:locale\" content=\"it_IT\" \/>\n<meta property=\"og:type\" content=\"article\" \/>\n<meta property=\"og:title\" content=\"Riccarda Montenero - Habit\u00e9s par la peur - ART Commission APS\" \/>\n<meta property=\"og:description\" content=\"Riccarda Montenero Habit\u00e9s par la peur 24 novembre h.18 Spazio46 di Palazzo Ducale, Genova Dal 24 novembre al 23 dicembre lo Spazio46 di Palazzo Ducale a Genova ospita la\u00a0 mostra di Riccarda Montenero Habit\u00e9s par la peur a cura di Virginia Monteverde con la presentazione critica di Viana Conti. La mostra, che inaugura gioved\u00ec 24Leggi di pi\u00f9 a riguardoRiccarda Montenero &#8211; Habit\u00e9s par la peur[...]\" \/>\n<meta property=\"og:url\" content=\"https:\/\/www.artcommissionevents.com\/?p=3544\" \/>\n<meta property=\"og:site_name\" content=\"ART Commission APS\" \/>\n<meta property=\"article:published_time\" content=\"2022-11-21T16:13:37+00:00\" \/>\n<meta property=\"article:modified_time\" content=\"2022-11-21T16:13:59+00:00\" \/>\n<meta property=\"og:image\" content=\"https:\/\/www.artcommissionevents.com\/wp-content\/uploads\/2022\/11\/MONTENERO-INVITO.jpg\" \/>\n\t<meta property=\"og:image:width\" content=\"1667\" \/>\n\t<meta property=\"og:image:height\" content=\"1667\" \/>\n\t<meta property=\"og:image:type\" content=\"image\/jpeg\" \/>\n<meta name=\"author\" content=\"ACE\" \/>\n<meta name=\"twitter:card\" content=\"summary_large_image\" \/>\n<meta name=\"twitter:label1\" content=\"Scritto da\" \/>\n\t<meta name=\"twitter:data1\" content=\"ACE\" \/>\n\t<meta name=\"twitter:label2\" content=\"Tempo di lettura stimato\" \/>\n\t<meta name=\"twitter:data2\" content=\"3 minuti\" \/>\n<script type=\"application\/ld+json\" class=\"yoast-schema-graph\">{\"@context\":\"https:\\\/\\\/schema.org\",\"@graph\":[{\"@type\":\"Article\",\"@id\":\"https:\\\/\\\/www.artcommissionevents.com\\\/?p=3544#article\",\"isPartOf\":{\"@id\":\"https:\\\/\\\/www.artcommissionevents.com\\\/?p=3544\"},\"author\":{\"name\":\"ACE\",\"@id\":\"https:\\\/\\\/www.artcommissionevents.com\\\/#\\\/schema\\\/person\\\/872facb5da4b5ac922a8cc8eaeb6f48b\"},\"headline\":\"Riccarda Montenero &#8211; Habit\u00e9s par la peur\",\"datePublished\":\"2022-11-21T16:13:37+00:00\",\"dateModified\":\"2022-11-21T16:13:59+00:00\",\"mainEntityOfPage\":{\"@id\":\"https:\\\/\\\/www.artcommissionevents.com\\\/?p=3544\"},\"wordCount\":534,\"image\":{\"@id\":\"https:\\\/\\\/www.artcommissionevents.com\\\/?p=3544#primaryimage\"},\"thumbnailUrl\":\"https:\\\/\\\/www.artcommissionevents.com\\\/wp-content\\\/uploads\\\/2022\\\/11\\\/MONTENERO-INVITO.jpg\",\"articleSection\":[\"Eventi Vari\"],\"inLanguage\":\"it-IT\"},{\"@type\":\"WebPage\",\"@id\":\"https:\\\/\\\/www.artcommissionevents.com\\\/?p=3544\",\"url\":\"https:\\\/\\\/www.artcommissionevents.com\\\/?p=3544\",\"name\":\"Riccarda Montenero - Habit\u00e9s par la peur - ART Commission APS\",\"isPartOf\":{\"@id\":\"https:\\\/\\\/www.artcommissionevents.com\\\/#website\"},\"primaryImageOfPage\":{\"@id\":\"https:\\\/\\\/www.artcommissionevents.com\\\/?p=3544#primaryimage\"},\"image\":{\"@id\":\"https:\\\/\\\/www.artcommissionevents.com\\\/?p=3544#primaryimage\"},\"thumbnailUrl\":\"https:\\\/\\\/www.artcommissionevents.com\\\/wp-content\\\/uploads\\\/2022\\\/11\\\/MONTENERO-INVITO.jpg\",\"datePublished\":\"2022-11-21T16:13:37+00:00\",\"dateModified\":\"2022-11-21T16:13:59+00:00\",\"author\":{\"@id\":\"https:\\\/\\\/www.artcommissionevents.com\\\/#\\\/schema\\\/person\\\/872facb5da4b5ac922a8cc8eaeb6f48b\"},\"breadcrumb\":{\"@id\":\"https:\\\/\\\/www.artcommissionevents.com\\\/?p=3544#breadcrumb\"},\"inLanguage\":\"it-IT\",\"potentialAction\":[{\"@type\":\"ReadAction\",\"target\":[\"https:\\\/\\\/www.artcommissionevents.com\\\/?p=3544\"]}]},{\"@type\":\"ImageObject\",\"inLanguage\":\"it-IT\",\"@id\":\"https:\\\/\\\/www.artcommissionevents.com\\\/?p=3544#primaryimage\",\"url\":\"https:\\\/\\\/www.artcommissionevents.com\\\/wp-content\\\/uploads\\\/2022\\\/11\\\/MONTENERO-INVITO.jpg\",\"contentUrl\":\"https:\\\/\\\/www.artcommissionevents.com\\\/wp-content\\\/uploads\\\/2022\\\/11\\\/MONTENERO-INVITO.jpg\",\"width\":1667,\"height\":1667},{\"@type\":\"BreadcrumbList\",\"@id\":\"https:\\\/\\\/www.artcommissionevents.com\\\/?p=3544#breadcrumb\",\"itemListElement\":[{\"@type\":\"ListItem\",\"position\":1,\"name\":\"Home\",\"item\":\"https:\\\/\\\/www.artcommissionevents.com\\\/\"},{\"@type\":\"ListItem\",\"position\":2,\"name\":\"Riccarda Montenero &#8211; Habit\u00e9s par la peur\"}]},{\"@type\":\"WebSite\",\"@id\":\"https:\\\/\\\/www.artcommissionevents.com\\\/#website\",\"url\":\"https:\\\/\\\/www.artcommissionevents.com\\\/\",\"name\":\"ART Commission APS\",\"description\":\"\",\"potentialAction\":[{\"@type\":\"SearchAction\",\"target\":{\"@type\":\"EntryPoint\",\"urlTemplate\":\"https:\\\/\\\/www.artcommissionevents.com\\\/?s={search_term_string}\"},\"query-input\":{\"@type\":\"PropertyValueSpecification\",\"valueRequired\":true,\"valueName\":\"search_term_string\"}}],\"inLanguage\":\"it-IT\"},{\"@type\":\"Person\",\"@id\":\"https:\\\/\\\/www.artcommissionevents.com\\\/#\\\/schema\\\/person\\\/872facb5da4b5ac922a8cc8eaeb6f48b\",\"name\":\"ACE\",\"url\":\"https:\\\/\\\/www.artcommissionevents.com\\\/?author=1\"}]}<\/script>\n<!-- \/ Yoast SEO plugin. -->","yoast_head_json":{"title":"Riccarda Montenero - Habit\u00e9s par la peur - ART Commission APS","robots":{"index":"index","follow":"follow","max-snippet":"max-snippet:-1","max-image-preview":"max-image-preview:large","max-video-preview":"max-video-preview:-1"},"canonical":"https:\/\/www.artcommissionevents.com\/?p=3544","og_locale":"it_IT","og_type":"article","og_title":"Riccarda Montenero - Habit\u00e9s par la peur - ART Commission APS","og_description":"Riccarda Montenero Habit\u00e9s par la peur 24 novembre h.18 Spazio46 di Palazzo Ducale, Genova Dal 24 novembre al 23 dicembre lo Spazio46 di Palazzo Ducale a Genova ospita la\u00a0 mostra di Riccarda Montenero Habit\u00e9s par la peur a cura di Virginia Monteverde con la presentazione critica di Viana Conti. La mostra, che inaugura gioved\u00ec 24Leggi di pi\u00f9 a riguardoRiccarda Montenero &#8211; Habit\u00e9s par la peur[...]","og_url":"https:\/\/www.artcommissionevents.com\/?p=3544","og_site_name":"ART Commission APS","article_published_time":"2022-11-21T16:13:37+00:00","article_modified_time":"2022-11-21T16:13:59+00:00","og_image":[{"width":1667,"height":1667,"url":"https:\/\/www.artcommissionevents.com\/wp-content\/uploads\/2022\/11\/MONTENERO-INVITO.jpg","type":"image\/jpeg"}],"author":"ACE","twitter_card":"summary_large_image","twitter_misc":{"Scritto da":"ACE","Tempo di lettura stimato":"3 minuti"},"schema":{"@context":"https:\/\/schema.org","@graph":[{"@type":"Article","@id":"https:\/\/www.artcommissionevents.com\/?p=3544#article","isPartOf":{"@id":"https:\/\/www.artcommissionevents.com\/?p=3544"},"author":{"name":"ACE","@id":"https:\/\/www.artcommissionevents.com\/#\/schema\/person\/872facb5da4b5ac922a8cc8eaeb6f48b"},"headline":"Riccarda Montenero &#8211; Habit\u00e9s par la peur","datePublished":"2022-11-21T16:13:37+00:00","dateModified":"2022-11-21T16:13:59+00:00","mainEntityOfPage":{"@id":"https:\/\/www.artcommissionevents.com\/?p=3544"},"wordCount":534,"image":{"@id":"https:\/\/www.artcommissionevents.com\/?p=3544#primaryimage"},"thumbnailUrl":"https:\/\/www.artcommissionevents.com\/wp-content\/uploads\/2022\/11\/MONTENERO-INVITO.jpg","articleSection":["Eventi Vari"],"inLanguage":"it-IT"},{"@type":"WebPage","@id":"https:\/\/www.artcommissionevents.com\/?p=3544","url":"https:\/\/www.artcommissionevents.com\/?p=3544","name":"Riccarda Montenero - Habit\u00e9s par la peur - ART Commission APS","isPartOf":{"@id":"https:\/\/www.artcommissionevents.com\/#website"},"primaryImageOfPage":{"@id":"https:\/\/www.artcommissionevents.com\/?p=3544#primaryimage"},"image":{"@id":"https:\/\/www.artcommissionevents.com\/?p=3544#primaryimage"},"thumbnailUrl":"https:\/\/www.artcommissionevents.com\/wp-content\/uploads\/2022\/11\/MONTENERO-INVITO.jpg","datePublished":"2022-11-21T16:13:37+00:00","dateModified":"2022-11-21T16:13:59+00:00","author":{"@id":"https:\/\/www.artcommissionevents.com\/#\/schema\/person\/872facb5da4b5ac922a8cc8eaeb6f48b"},"breadcrumb":{"@id":"https:\/\/www.artcommissionevents.com\/?p=3544#breadcrumb"},"inLanguage":"it-IT","potentialAction":[{"@type":"ReadAction","target":["https:\/\/www.artcommissionevents.com\/?p=3544"]}]},{"@type":"ImageObject","inLanguage":"it-IT","@id":"https:\/\/www.artcommissionevents.com\/?p=3544#primaryimage","url":"https:\/\/www.artcommissionevents.com\/wp-content\/uploads\/2022\/11\/MONTENERO-INVITO.jpg","contentUrl":"https:\/\/www.artcommissionevents.com\/wp-content\/uploads\/2022\/11\/MONTENERO-INVITO.jpg","width":1667,"height":1667},{"@type":"BreadcrumbList","@id":"https:\/\/www.artcommissionevents.com\/?p=3544#breadcrumb","itemListElement":[{"@type":"ListItem","position":1,"name":"Home","item":"https:\/\/www.artcommissionevents.com\/"},{"@type":"ListItem","position":2,"name":"Riccarda Montenero &#8211; Habit\u00e9s par la peur"}]},{"@type":"WebSite","@id":"https:\/\/www.artcommissionevents.com\/#website","url":"https:\/\/www.artcommissionevents.com\/","name":"ART Commission APS","description":"","potentialAction":[{"@type":"SearchAction","target":{"@type":"EntryPoint","urlTemplate":"https:\/\/www.artcommissionevents.com\/?s={search_term_string}"},"query-input":{"@type":"PropertyValueSpecification","valueRequired":true,"valueName":"search_term_string"}}],"inLanguage":"it-IT"},{"@type":"Person","@id":"https:\/\/www.artcommissionevents.com\/#\/schema\/person\/872facb5da4b5ac922a8cc8eaeb6f48b","name":"ACE","url":"https:\/\/www.artcommissionevents.com\/?author=1"}]}},"_links":{"self":[{"href":"https:\/\/www.artcommissionevents.com\/index.php?rest_route=\/wp\/v2\/posts\/3544","targetHints":{"allow":["GET"]}}],"collection":[{"href":"https:\/\/www.artcommissionevents.com\/index.php?rest_route=\/wp\/v2\/posts"}],"about":[{"href":"https:\/\/www.artcommissionevents.com\/index.php?rest_route=\/wp\/v2\/types\/post"}],"author":[{"embeddable":true,"href":"https:\/\/www.artcommissionevents.com\/index.php?rest_route=\/wp\/v2\/users\/1"}],"replies":[{"embeddable":true,"href":"https:\/\/www.artcommissionevents.com\/index.php?rest_route=%2Fwp%2Fv2%2Fcomments&post=3544"}],"version-history":[{"count":1,"href":"https:\/\/www.artcommissionevents.com\/index.php?rest_route=\/wp\/v2\/posts\/3544\/revisions"}],"predecessor-version":[{"id":3547,"href":"https:\/\/www.artcommissionevents.com\/index.php?rest_route=\/wp\/v2\/posts\/3544\/revisions\/3547"}],"wp:featuredmedia":[{"embeddable":true,"href":"https:\/\/www.artcommissionevents.com\/index.php?rest_route=\/wp\/v2\/media\/3543"}],"wp:attachment":[{"href":"https:\/\/www.artcommissionevents.com\/index.php?rest_route=%2Fwp%2Fv2%2Fmedia&parent=3544"}],"wp:term":[{"taxonomy":"category","embeddable":true,"href":"https:\/\/www.artcommissionevents.com\/index.php?rest_route=%2Fwp%2Fv2%2Fcategories&post=3544"},{"taxonomy":"post_tag","embeddable":true,"href":"https:\/\/www.artcommissionevents.com\/index.php?rest_route=%2Fwp%2Fv2%2Ftags&post=3544"}],"curies":[{"name":"wp","href":"https:\/\/api.w.org\/{rel}","templated":true}]}}